{"id":1064,"date":"2022-05-27T12:03:01","date_gmt":"2022-05-27T10:03:01","guid":{"rendered":"https:\/\/rajdfestiwalowy.pl\/?p=1064"},"modified":"2022-05-27T12:04:50","modified_gmt":"2022-05-27T10:04:50","slug":"mistrzowie-na-starcie","status":"publish","type":"post","link":"https:\/\/rajdfestiwalowy.pl\/index.php\/2022\/05\/27\/mistrzowie-na-starcie\/","title":{"rendered":"Mistrzowie na starcie"},"content":{"rendered":"\n<p><strong>53. Rajd Festiwalowy inauguruje rozgrywki Rajdowych Samochodowych Mistrzostw \u015al\u0105ska w sezonie 2022. Na starcie opolskiego klasyka pojawi\u0105 si\u0119 nie tylko utalentowani zawodnicy marz\u0105cy o wielkich sukcesach, ale tak\u017ce utytu\u0142owani kierowcy i piloci, kt\u00f3rzy maj\u0105 na swoim koncie tytu\u0142y Mistrz\u00f3w \u015al\u0105ska oraz Mistrz\u00f3w Polski w poszczeg\u00f3lnych klasach, a tak\u017ce w klasyfikacji generalnej.<\/strong><\/p>\n\n\n\n<p>Na li\u015bcie zg\u0142osze\u0144 mo\u017cna znale\u017a\u0107 czterech zawodnik\u00f3w, kt\u00f3rzy maj\u0105 na swoim koncie co najmniej jeden tytu\u0142 Mistrza Polski w swojej klasie. Najbardziej znany i utytu\u0142owany w tej grupie jest <strong>Jakub Brzezi\u0144ski<\/strong>, kt\u00f3ry w 2019 roku zdoby\u0142 tytu\u0142 mistrzowski w Open 4WD, a dwa lata p\u00f3\u017aniej do\u0142o\u017cy\u0142 mistrzowskie laury w klasie 4 oraz w grupie 2WD. W ten weekend popularny \u201eColin\u201d b\u0119dzie pilotem Tomasza Kr\u00f3la, z kt\u00f3rym utworzy duet jad\u0105cy Fordem Fiesta Rally3.<\/p>\n\n\n\n<p>W 2017 roku pierwszym Historycznym Rajdowym Mistrzem Polski (HRSMP) zosta\u0142 <strong>Dariusz Gurdzio\u0142ek<\/strong>, kt\u00f3ry zdoby\u0142 mistrzowskie laury w klasyfikacji generalnej i w klasie FIA4. W ten weekend, tak jak rok temu, zasi\u0105dzie na prawym fotelu Renault Clio Sport kierowanego przez Krzysztofa Sta\u0144do.<\/p>\n\n\n\n<p>Aktualny lider RSMP w klasyfikacji generalnej, <strong>Jakub Wr\u00f3bel<\/strong>, tak\u017ce mo\u017ce si\u0119 pochwali\u0107 mistrzowsk\u0105 zdobycz\u0105, gdy\u017c w 2019 roku zdoby\u0142 tytu\u0142 Mistrza Polski w klasie 3, a jutro i pojutrze przez b\u0119dzie czyta\u0142 notatki Jakubowi Matulce w Fordzie Fiesta R200.<\/p>\n\n\n\n<p>Ojca Kuby Matulki, Przemys\u0142awa, jad\u0105cego Subaru Imprez\u0105 R4, b\u0119dzie pilotowa\u0142 kolejny Mistrz Polski w zestawieniu, <strong>Mateusz Martynek<\/strong>. W ubieg\u0142ym roku zdoby\u0142 tytu\u0142 Mistrza Polski w klasie Open 2WD. Co ciekawe, jest to jedyny zawodnik, kt\u00f3ry ma na swoim koncie zar\u00f3wno tytu\u0142 Mistrza Polski, jak i Mistrza \u015al\u0105ska, gdy\u017c w 2018 roku zdoby\u0142 tytu\u0142 mistrzowski w klasyfikacji generalnej i w klasie RO2, a w 2007 roku zwyci\u0119\u017cy\u0142 w klasie RWD-1.<\/p>\n\n\n\n<figure class=\"wp-block-image size-large\"><img decoding=\"async\" loading=\"lazy\" width=\"1024\" height=\"683\" src=\"https:\/\/rajdfestiwalowy.pl\/wp-content\/uploads\/2022\/05\/hawro-kolaczek-wisly-2021-rozmus-1024x683.jpg\" alt=\"\" class=\"wp-image-1066\" srcset=\"https:\/\/rajdfestiwalowy.pl\/wp-content\/uploads\/2022\/05\/hawro-kolaczek-wisly-2021-rozmus-1024x683.jpg 1024w, https:\/\/rajdfestiwalowy.pl\/wp-content\/uploads\/2022\/05\/hawro-kolaczek-wisly-2021-rozmus-300x200.jpg 300w, https:\/\/rajdfestiwalowy.pl\/wp-content\/uploads\/2022\/05\/hawro-kolaczek-wisly-2021-rozmus-768x512.jpg 768w, https:\/\/rajdfestiwalowy.pl\/wp-content\/uploads\/2022\/05\/hawro-kolaczek-wisly-2021-rozmus-1536x1024.jpg 1536w, https:\/\/rajdfestiwalowy.pl\/wp-content\/uploads\/2022\/05\/hawro-kolaczek-wisly-2021-rozmus-360x240.jpg 360w, https:\/\/rajdfestiwalowy.pl\/wp-content\/uploads\/2022\/05\/hawro-kolaczek-wisly-2021-rozmus.jpg 1920w\" sizes=\"(max-width: 1024px) 100vw, 1024px\" \/><figcaption>fot. Jakub Rozmus<\/figcaption><\/figure>\n\n\n\n<p>Pr\u00f3cz Martynka, tytu\u0142ami mistrzowskimi w klasyfikacji generalnej mog\u0105 si\u0119 pochwali\u0107 <strong>Maciej Hawro<\/strong> i<strong> Wojciech Kolaczek<\/strong> jad\u0105cy w tym rajdzie Hond\u0105 Civic VTi, kt\u00f3rzy najwa\u017cniejsze \u015bl\u0105skie trofeum wywalczyli w ubieg\u0142ym roku, a do tytu\u0142u w generalce do\u0142o\u017cyli mistrzowski tytu\u0142 w klasie 2. Warto pami\u0119ta\u0107, \u017ce kierowca z Podkarpacia w 2019 roku zdoby\u0142 r\u00f3wnie\u017c Mistrzostwo \u015al\u0105ska w klasie PPC.<\/p>\n\n\n\n<p>W ubieg\u0142ym roku tytu\u0142y Mistrz\u00f3w \u015al\u0105ska zdobyli m.in. <strong>Tomasz P\u0142awecki<\/strong> i <strong>Pawe\u0142 Kaim<\/strong>, kt\u00f3rzy zwyci\u0119\u017cyli w klasie Open 2, powtarzaj\u0105c tym samym wyczyn z 2020 roku. Na swoim koncie maj\u0105 tak\u017ce Mistrzostwo \u015al\u0105ska w klasie Open 2WD z 2019 roku. W tym roku chc\u0105 obroni\u0107 supremacj\u0119 przy pomocy Peugeota 208 R2. Opr\u00f3cz Hawry i Kolaczka oraz P\u0142aweckiego i Kaima, mistrzowskich tytu\u0142\u00f3w w swoich klasach broni\u0107 b\u0119d\u0105 <strong>Kamil Kawalec<\/strong> i <strong>Sebastian Krzy\u017cowski<\/strong> jad\u0105cy Renault Clio III RS, kt\u00f3rzy zdobyli Mistrzostwo \u015al\u0105ska w klasie RallyN1 oraz <strong>Tomasz Zieli\u0144ski<\/strong> i <strong>\u0141ukasz Michorczyk<\/strong>, czyli czempioni klasy Open 1, kt\u00f3rzy zasi\u0105d\u0105 za sterami Subaru Imprezy WRX STI.<\/p>\n\n\n\n<p>Jednym z najbardziej do\u015bwiadczonych zawodnik\u00f3w w stawce jest <strong>Tomasz Tkacz<\/strong>, kt\u00f3ry przez ponad 20 lat startowa\u0142 w wielu rundach Mistrzostw Polski, \u015al\u0105ska, a tak\u017ce Pucharu PZM i Rajdowego Pucharu Polski. Jedna z instytucji \u015bl\u0105skich rajd\u00f3w ma na swoim koncie Mistrzostwo \u015al\u0105ska w klasie 5 zdobyte w 2012 roku oraz Rajdowy Puchar Polski w klasie 5 RPP, rok p\u00f3\u017aniej, a tak\u017ce wiele wicemistrzowskich tytu\u0142\u00f3w. W ten weekend b\u0119dzie pilotowa\u0142 Kamila Bronikowskiego w Renault Clio Sport.<\/p>\n\n\n\n<p>Posiadaczem jednego z najatrakcyjniejszych samochod\u00f3w zg\u0142oszonych do 53. Rajdu Festiwalowego jest <strong>Grzegorz Olchawski<\/strong>, kt\u00f3ry wraz z \u0141ukaszem Zapartem wystartuje legendarnym Audi Quattro Sport E2. Krakowianin regularnie startuje w Historycznych Rajdowych Samochodowych Mistrzostwach Polski, ale ma te\u017c na koncie r\u00f3wnie\u017c starty i sukcesy w RSM\u015al, czego dowodem mo\u017ce by\u0107 m.in. tytu\u0142 Mistrza \u015al\u0105ska w klasie Go\u015b\u0107 4WD zdobyty w 2019 roku.<\/p>\n\n\n\n<figure class=\"wp-block-image size-large\"><img decoding=\"async\" loading=\"lazy\" width=\"1024\" height=\"683\" src=\"https:\/\/rajdfestiwalowy.pl\/wp-content\/uploads\/2022\/05\/janecki-krzystanek-festiwalowy-2021-rozmus-2-1024x683.jpg\" alt=\"\" class=\"wp-image-1071\" srcset=\"https:\/\/rajdfestiwalowy.pl\/wp-content\/uploads\/2022\/05\/janecki-krzystanek-festiwalowy-2021-rozmus-2-1024x683.jpg 1024w, https:\/\/rajdfestiwalowy.pl\/wp-content\/uploads\/2022\/05\/janecki-krzystanek-festiwalowy-2021-rozmus-2-300x200.jpg 300w, https:\/\/rajdfestiwalowy.pl\/wp-content\/uploads\/2022\/05\/janecki-krzystanek-festiwalowy-2021-rozmus-2-768x512.jpg 768w, https:\/\/rajdfestiwalowy.pl\/wp-content\/uploads\/2022\/05\/janecki-krzystanek-festiwalowy-2021-rozmus-2-1536x1024.jpg 1536w, https:\/\/rajdfestiwalowy.pl\/wp-content\/uploads\/2022\/05\/janecki-krzystanek-festiwalowy-2021-rozmus-2-360x240.jpg 360w, https:\/\/rajdfestiwalowy.pl\/wp-content\/uploads\/2022\/05\/janecki-krzystanek-festiwalowy-2021-rozmus-2.jpg 1920w\" sizes=\"(max-width: 1024px) 100vw, 1024px\" \/><figcaption>fot. Jakub Rozmus<\/figcaption><\/figure>\n\n\n\n<p>Jednym z efektowniej je\u017cd\u017c\u0105cych kierowc\u00f3w w stawce jest <strong>Waldemar Janecki<\/strong>, kt\u00f3ry w latach 2012-2014 regularnie startowa\u0142 w Rajdowych Samochodowych Mistrzostwach \u015al\u0105ska, a w 2014 roku zdoby\u0142 tytu\u0142 Mistrza \u015al\u0105ska w Pucharze Legend. W tym roku razem z Piotrem Krzystankiem powalczy o zwyci\u0119stwo w klasie Open 1 jad\u0105c BMW E36 Compact.<\/p>\n\n\n\n<p>Blisko tytu\u0142u Mistrza \u015al\u0105ska w klasyfikacji generalnej w 2019 roku byli <strong>\u0141ukasz Godula<\/strong> i <strong>Daniel Nowak<\/strong>, kt\u00f3rzy ostatecznie zdobyli tytu\u0142y wicemistrzowskie, ale rok wcze\u015bniej zdominowali rywalizacj\u0119 w klasie PPC (Puchar Peugeot-Citroen) i zdobyli w wielkim stylu tytu\u0142 Mistrz\u00f3w \u015al\u0105ska w tej\u017ce klasie. Po dw\u00f3ch latach przerwy zn\u00f3w stworz\u0105 rajdowy duet, kt\u00f3ry powalczy o mistrzowski tytu\u0142 w klasie RN3 jad\u0105c Peugeotem 208.<\/p>\n\n\n\n<p>Je\u015bli chodzi o puchary markowe, to w 2014 roku tytu\u0142 Mistrz\u00f3w \u015al\u0105ska w klasie PCR (Puchar Cento Rally) zdobyli <strong>Grzegorz Pasterak<\/strong> i <strong>Adam G\u0142adysz<\/strong>, kt\u00f3rzy w tym roku podr\u00f3\u017cowa\u0107 b\u0119d\u0105 w Hondzie Civic Type-R, kt\u00f3rym je\u017cd\u017c\u0105 od drugiej po\u0142owy 2017 roku.<\/p>\n\n\n\n<p>Przyk\u0142adem tego, \u017ce Mistrzem \u015al\u0105ska mo\u017ce by\u0107 zawodnik spoza po\u0142udnia Polski mo\u017ce by\u0107 pochodz\u0105cy z Warszawy <strong>Marcin Pogorzelski<\/strong>, kt\u00f3ry w 2019 roku zdoby\u0142 mistrzowski tytu\u0142 w klasie RO 1, a po dw\u00f3ch latach przerwy wraca na odcinki specjalne. W ten weekend pojawi si\u0119 na starcie Citroenem C2 VTS, a jego pilotem b\u0119dzie Piotr Bywalec.<\/p>\n\n\n\n<p>Z ca\u0142\u0105 pewno\u015bci\u0105 w\u015br\u00f3d startuj\u0105cych w tegorocznej edycji Rajdu Festiwalowego znajduj\u0105 si\u0119 przyszli Mistrzowie \u015al\u0105ska, a by\u0107 mo\u017ce i nawet Mistrzowie Polski. Kto w tym roku zdob\u0119dzie mistrzowskie laury? O tym przekonamy si\u0119 po ostatniej rundzie sezonu 2022, ale cz\u0119\u015b\u0107 odpowiedzi na to pytanie poznamy w najbli\u017csz\u0105 niedziel\u0119, po zako\u0144czeniu ostatniego odcinka specjalnego 53. edycji najwa\u017cniejszego rajdu samochodowego na Opolszczy\u017anie.<\/p>\n","protected":false},"excerpt":{"rendered":"<p>53. Rajd Festiwalowy inauguruje rozgrywki Rajdowych Samochodowych Mistrzostw \u015al\u0105ska w sezonie 2022. Na starcie opolskiego klasyka pojawi\u0105 si\u0119 nie tylko utalentowani zawodnicy marz\u0105cy o wielkich sukcesach, ale tak\u017ce utytu\u0142owani kierowcy i piloci, kt\u00f3rzy maj\u0105 na swoim koncie tytu\u0142y Mistrz\u00f3w \u015al\u0105ska oraz Mistrz\u00f3w Polski w poszczeg\u00f3lnych klasach, a tak\u017ce w klasyfikacji [&hellip;]<\/p>\n","protected":false},"author":1,"featured_media":1065,"comment_status":"closed","ping_status":"closed","sticky":false,"template":"","format":"standard","meta":[],"categories":[4,7],"tags":[],"_links":{"self":[{"href":"https:\/\/rajdfestiwalowy.pl\/index.php\/wp-json\/wp\/v2\/posts\/1064"}],"collection":[{"href":"https:\/\/rajdfestiwalowy.pl\/index.php\/wp-json\/wp\/v2\/posts"}],"about":[{"href":"https:\/\/rajdfestiwalowy.pl\/index.php\/wp-json\/wp\/v2\/types\/post"}],"author":[{"embeddable":true,"href":"https:\/\/rajdfestiwalowy.pl\/index.php\/wp-json\/wp\/v2\/users\/1"}],"replies":[{"embeddable":true,"href":"https:\/\/rajdfestiwalowy.pl\/index.php\/wp-json\/wp\/v2\/comments?post=1064"}],"version-history":[{"count":2,"href":"https:\/\/rajdfestiwalowy.pl\/index.php\/wp-json\/wp\/v2\/posts\/1064\/revisions"}],"predecessor-version":[{"id":1072,"href":"https:\/\/rajdfestiwalowy.pl\/index.php\/wp-json\/wp\/v2\/posts\/1064\/revisions\/1072"}],"wp:featuredmedia":[{"embeddable":true,"href":"https:\/\/rajdfestiwalowy.pl\/index.php\/wp-json\/wp\/v2\/media\/1065"}],"wp:attachment":[{"href":"https:\/\/rajdfestiwalowy.pl\/index.php\/wp-json\/wp\/v2\/media?parent=1064"}],"wp:term":[{"taxonomy":"category","embeddable":true,"href":"https:\/\/rajdfestiwalowy.pl\/index.php\/wp-json\/wp\/v2\/categories?post=1064"},{"taxonomy":"post_tag","embeddable":true,"href":"https:\/\/rajdfestiwalowy.pl\/index.php\/wp-json\/wp\/v2\/tags?post=1064"}],"curies":[{"name":"wp","href":"https:\/\/api.w.org\/{rel}","templated":true}]}}